{"id":3414,"date":"2018-05-22T09:27:36","date_gmt":"2018-05-22T12:27:36","guid":{"rendered":"http:\/\/www.7jj.com.br\/website\/?p=3414"},"modified":"2018-05-22T09:27:36","modified_gmt":"2018-05-22T12:27:36","slug":"seth-jiu-jitsu-para-um-mundo-melhor","status":"publish","type":"post","link":"https:\/\/www.7jj.com.br\/website\/seth-jiu-jitsu-para-um-mundo-melhor\/","title":{"rendered":"Seth Jiu Jitsu para um mundo melhor."},"content":{"rendered":"<p>A <strong>Seth<\/strong> nasce com seu prop\u00f3sito muito bem definido. Queremos <strong>melhorar o mundo atrav\u00e9s da pr\u00e1tica do Jiu Jitsu<\/strong>. Nossa matriz fica em <strong>Joinville<\/strong> , Santa Catarina e \u00e9 comandada por um dos mais experientes professores do estado, o <strong>faixa preta Alexandre Marciano<\/strong> fundador da equipe.<\/p>\n<p>A metodologia criada por nosso fundador preconiza <strong>7 pilares<\/strong> que ser\u00e3o o alicerce para a<strong> melhoria da qualidade de vida<\/strong> de nossos alunos.<\/p>\n<div id=\"attachment_3415\" style=\"width: 668px\" class=\"wp-caption aligncenter\"><a href=\"http:\/\/www.7jj.com.br\/website\/wp-content\/uploads\/2018\/05\/qualidade-de-vida-jiu-jitsu-joinville.jpg\"><img loading=\"lazy\" decoding=\"async\" aria-describedby=\"caption-attachment-3415\" class=\" wp-image-3415\" title=\"Jiu Jitsu\" alt=\"qualidade-de-vida-jiu-jitsu-joinville\" src=\"http:\/\/www.7jj.com.br\/website\/wp-content\/uploads\/2018\/05\/qualidade-de-vida-jiu-jitsu-joinville.jpg\" width=\"658\" height=\"280\" srcset=\"https:\/\/www.7jj.com.br\/website\/wp-content\/uploads\/2018\/05\/qualidade-de-vida-jiu-jitsu-joinville.jpg 940w, https:\/\/www.7jj.com.br\/website\/wp-content\/uploads\/2018\/05\/qualidade-de-vida-jiu-jitsu-joinville-300x127.jpg 300w\" sizes=\"(max-width: 658px) 100vw, 658px\" \/><\/a><p id=\"caption-attachment-3415\" class=\"wp-caption-text\">Jiu Jitsu em Joinville SETH<\/p><\/div>\n<p style=\"text-align: center;\">\n<p style=\"text-align: left;\">Mais informa\u00e7\u00f5es sethbrasil@7jj.com.br<\/p>\n","protected":false},"excerpt":{"rendered":"<p>A Seth nasce com seu prop\u00f3sito muito bem definido. Queremos melhorar o mundo atrav\u00e9s da pr\u00e1tica do Jiu Jitsu. Nossa matriz fica em Joinville , Santa Catarina e \u00e9 comandada por um dos mais experientes professores do estado, o faixa preta Alexandre Marciano fundador da&#8230;<\/p>\n","protected":false},"author":2,"featured_media":0,"comment_status":"closed","ping_status":"open","sticky":false,"template":"","format":"standard","meta":{"footnotes":""},"categories":[5],"tags":[23,39,24,40,37,42,32,38,27,44,41,43],"_links":{"self":[{"href":"https:\/\/www.7jj.com.br\/website\/wp-json\/wp\/v2\/posts\/3414"}],"collection":[{"href":"https:\/\/www.7jj.com.br\/website\/wp-json\/wp\/v2\/posts"}],"about":[{"href":"https:\/\/www.7jj.com.br\/website\/wp-json\/wp\/v2\/types\/post"}],"author":[{"embeddable":true,"href":"https:\/\/www.7jj.com.br\/website\/wp-json\/wp\/v2\/users\/2"}],"replies":[{"embeddable":true,"href":"https:\/\/www.7jj.com.br\/website\/wp-json\/wp\/v2\/comments?post=3414"}],"version-history":[{"count":1,"href":"https:\/\/www.7jj.com.br\/website\/wp-json\/wp\/v2\/posts\/3414\/revisions"}],"predecessor-version":[{"id":3416,"href":"https:\/\/www.7jj.com.br\/website\/wp-json\/wp\/v2\/posts\/3414\/revisions\/3416"}],"wp:attachment":[{"href":"https:\/\/www.7jj.com.br\/website\/wp-json\/wp\/v2\/media?parent=3414"}],"wp:term":[{"taxonomy":"category","embeddable":true,"href":"https:\/\/www.7jj.com.br\/website\/wp-json\/wp\/v2\/categories?post=3414"},{"taxonomy":"post_tag","embeddable":true,"href":"https:\/\/www.7jj.com.br\/website\/wp-json\/wp\/v2\/tags?post=3414"}],"curies":[{"name":"wp","href":"https:\/\/api.w.org\/{rel}","templated":true}]}}