{"id":3633,"date":"2018-06-11T09:44:32","date_gmt":"2018-06-11T12:44:32","guid":{"rendered":"http:\/\/www.7jj.com.br\/website\/?p=3633"},"modified":"2018-06-11T09:45:24","modified_gmt":"2018-06-11T12:45:24","slug":"conferencia-seth-bjj-quer-participar","status":"publish","type":"post","link":"https:\/\/www.7jj.com.br\/website\/conferencia-seth-bjj-quer-participar\/","title":{"rendered":"Confer\u00eancia SETH BJJ. Quer participar?"},"content":{"rendered":"<p>Est\u00e1 chegando o grande dia da 1\u00baC7 &#8211; Confer\u00eancia <strong>Seth Brazilian Jiu Jitsu<\/strong> o inicio de uma jornada.<\/p>\n<p>Ser\u00e1 um momento incr\u00edvel e hist\u00f3rico de aprendizado onde ser\u00e3o abordados temas te\u00f3ricos e pr\u00e1ticos para que possamos juntos alinhar nossa vis\u00e3o em prol da nobre miss\u00e3o de<strong> melhorar o mundo atrav\u00e9s da pratica do Jiu Jitsu. <\/strong><\/p>\n<p>Presencialmente as vagas j\u00e1 se esgotaram. Por\u00e9m, visando contribuir para melhoria continua do Jiu Jitsu e compreendendo que essa n\u00e3o \u00e9 uma miss\u00e3o apenas da SETH, nosso fundador, o professor <strong>Alexandre Marciano<\/strong> est\u00e1 criando uma oportunidade unica de <strong>participa\u00e7\u00e3o sem custo<\/strong>\u00a0algum de forma<strong> on line. <\/strong><\/p>\n<p>Se voc\u00ea quer mudar o mundo atrav\u00e9s do Jiu Jitsu e quer entender mais de como podemos fazer isso a C7 ser\u00e1 transmitida ao vivo no canal de<strong> YouTube<\/strong> <a href=\"https:\/\/www.youtube.com\/channel\/UC0UrSOyeKhuag1sppwiRMKQ?view_as=subscriber\">Minuto Jiu Jitsu <\/a><\/p>\n<p>Para participar basta mandar um email para sethbrasil@7jj.com.br pedindo maiores detalhes. Essa a\u00e7\u00e3o visa atingir pessoas que assim como n\u00f3s compreendem que o Jiu Jitsu transcende a esfera competitiva conforme comenta o professor Alexandre Marciano.<\/p>\n<p>&#8220;Algumas pessoas ficaram at\u00e9 assustadas quando comentei que daria a oportunidade de todos, independente de <strong>times<\/strong> participar desse evento. Falaram que eu estaria dando<strong> treinamento e muni\u00e7\u00e3o para meus concorrentes<\/strong>. Quem pensa assim ainda n\u00e3o entendeu qual \u00e9 a minha miss\u00e3o e qual a miss\u00e3o da SETH. Queremos realmente <strong>mudar o mundo<\/strong>, isso n\u00e3o \u00e9 uma simples frase \u00e9 uma meta muito clara. Sendo assim eu seria maluco se achasse que poderia fazer isso sozinho, ent\u00e3o a SETH est\u00e1 realmente aberta para todas as pessoas que querem juntar-se nessa miss\u00e3o. Sejam da Seth ou de qualquer outro time, se voc\u00ea quer melhorar o mundo<strong> estamos junto com voc\u00ea nessa batalha<\/strong>. Ou\u00e7o um monte de gente falando em irmandade, fam\u00edlia, que o Jiu Jitsu pode fazer isso e aquilo mais quando se fala em outro time nasce um espirito de inimizade na mesma hora. A pergunta que fa\u00e7o \u00e9 simples. <strong>COMO VOC\u00caS QUEREM MELHORAR O MUNDO E O JIU JITSU CRIANDO SEGREGA\u00c7\u00c3O?<\/strong> \u00c9 obvio que devemos ter muito orgulho de representar nosso time por\u00e9m isso n\u00e3o nos transforma \u00a0inimigos de outras bandeiras. Por isso estamos dispostos a dividir conhecimento com todos que estejam focados nessa miss\u00e3o. Quem quiser fazer parte da <strong>SETH ter\u00e1 essa oportunidade<\/strong>, mais quem n\u00e3o quiser poder\u00e1 juntar-se a n\u00f3s para mudar o mundo pois <strong>queremos ajudar a todos<\/strong>&#8221;<\/p>\n<p>Professores do Rio de Janeiro, Rond\u00f4nia, Rio Grande do Sul, EUA, Austr\u00e1lia j\u00e1 garantiram presen\u00e7a on line. Quer fazer parte desse movimento que quer impactar positivamente o planeta? Fa\u00e7a contato.<\/p>\n<p><strong>DATA: 23\/06<\/strong><\/p>\n<p><strong>A partir das 9h<\/strong><\/p>\n<p style=\"text-align: center;\"><a href=\"http:\/\/www.7jj.com.br\/website\/wp-content\/uploads\/2018\/06\/33516565_1816998634989080_3249746052005232640_n.jpg\"><img loading=\"lazy\" decoding=\"async\" class=\"aligncenter  wp-image-3634\" alt=\"33516565_1816998634989080_3249746052005232640_n\" src=\"http:\/\/www.7jj.com.br\/website\/wp-content\/uploads\/2018\/06\/33516565_1816998634989080_3249746052005232640_n.jpg\" width=\"498\" height=\"576\" srcset=\"https:\/\/www.7jj.com.br\/website\/wp-content\/uploads\/2018\/06\/33516565_1816998634989080_3249746052005232640_n.jpg 830w, https:\/\/www.7jj.com.br\/website\/wp-content\/uploads\/2018\/06\/33516565_1816998634989080_3249746052005232640_n-259x300.jpg 259w\" sizes=\"(max-width: 498px) 100vw, 498px\" \/><\/a><\/p>\n","protected":false},"excerpt":{"rendered":"<p>Est\u00e1 chegando o grande dia da 1\u00baC7 &#8211; Confer\u00eancia Seth Brazilian Jiu Jitsu o inicio de uma jornada. Ser\u00e1 um momento incr\u00edvel e hist\u00f3rico de aprendizado onde ser\u00e3o abordados temas te\u00f3ricos e pr\u00e1ticos para que possamos juntos alinhar nossa vis\u00e3o em prol da nobre miss\u00e3o&#8230;<\/p>\n","protected":false},"author":2,"featured_media":0,"comment_status":"closed","ping_status":"open","sticky":false,"template":"","format":"standard","meta":{"footnotes":""},"categories":[5],"tags":[49,55,50,33,78,25,77,76,26,52,44],"_links":{"self":[{"href":"https:\/\/www.7jj.com.br\/website\/wp-json\/wp\/v2\/posts\/3633"}],"collection":[{"href":"https:\/\/www.7jj.com.br\/website\/wp-json\/wp\/v2\/posts"}],"about":[{"href":"https:\/\/www.7jj.com.br\/website\/wp-json\/wp\/v2\/types\/post"}],"author":[{"embeddable":true,"href":"https:\/\/www.7jj.com.br\/website\/wp-json\/wp\/v2\/users\/2"}],"replies":[{"embeddable":true,"href":"https:\/\/www.7jj.com.br\/website\/wp-json\/wp\/v2\/comments?post=3633"}],"version-history":[{"count":2,"href":"https:\/\/www.7jj.com.br\/website\/wp-json\/wp\/v2\/posts\/3633\/revisions"}],"predecessor-version":[{"id":3637,"href":"https:\/\/www.7jj.com.br\/website\/wp-json\/wp\/v2\/posts\/3633\/revisions\/3637"}],"wp:attachment":[{"href":"https:\/\/www.7jj.com.br\/website\/wp-json\/wp\/v2\/media?parent=3633"}],"wp:term":[{"taxonomy":"category","embeddable":true,"href":"https:\/\/www.7jj.com.br\/website\/wp-json\/wp\/v2\/categories?post=3633"},{"taxonomy":"post_tag","embeddable":true,"href":"https:\/\/www.7jj.com.br\/website\/wp-json\/wp\/v2\/tags?post=3633"}],"curies":[{"name":"wp","href":"https:\/\/api.w.org\/{rel}","templated":true}]}}